{"id":2132,"date":"2022-09-01T10:27:48","date_gmt":"2022-09-01T09:27:48","guid":{"rendered":"https:\/\/ligue6.fr\/wp\/?p=2132"},"modified":"2022-09-01T10:27:50","modified_gmt":"2022-09-01T09:27:50","slug":"coupe-de-france-piste-1-10-th-et-gt8","status":"publish","type":"post","link":"https:\/\/ligue6.fr\/wp\/2022\/09\/01\/coupe-de-france-piste-1-10-th-et-gt8\/","title":{"rendered":"Coupe de France Piste 1\/10 Th et Gt8"},"content":{"rendered":"\n<p>La Coupe de France piste 1\/10 Th et Gt8 pr\u00e9vue initialement le 8-9 octobre 2022 \u00e0 Metz est d\u00e9plac\u00e9e vers un autre club.<\/p>\n","protected":false},"excerpt":{"rendered":"<p>La Coupe de France piste 1\/10 Th et Gt8 pr\u00e9vue initialement le 8-9 octobre 2022 \u00e0 Metz est d\u00e9plac\u00e9e vers un autre club.<\/p>\n","protected":false},"author":1,"featured_media":0,"comment_status":"closed","ping_status":"open","sticky":false,"template":"","format":"standard","meta":{"footnotes":""},"categories":[2],"tags":[],"class_list":["post-2132","post","type-post","status-publish","format-standard","hentry","category-news"],"_links":{"self":[{"href":"https:\/\/ligue6.fr\/wp\/wp-json\/wp\/v2\/posts\/2132","targetHints":{"allow":["GET"]}}],"collection":[{"href":"https:\/\/ligue6.fr\/wp\/wp-json\/wp\/v2\/posts"}],"about":[{"href":"https:\/\/ligue6.fr\/wp\/wp-json\/wp\/v2\/types\/post"}],"author":[{"embeddable":true,"href":"https:\/\/ligue6.fr\/wp\/wp-json\/wp\/v2\/users\/1"}],"replies":[{"embeddable":true,"href":"https:\/\/ligue6.fr\/wp\/wp-json\/wp\/v2\/comments?post=2132"}],"version-history":[{"count":1,"href":"https:\/\/ligue6.fr\/wp\/wp-json\/wp\/v2\/posts\/2132\/revisions"}],"predecessor-version":[{"id":2133,"href":"https:\/\/ligue6.fr\/wp\/wp-json\/wp\/v2\/posts\/2132\/revisions\/2133"}],"wp:attachment":[{"href":"https:\/\/ligue6.fr\/wp\/wp-json\/wp\/v2\/media?parent=2132"}],"wp:term":[{"taxonomy":"category","embeddable":true,"href":"https:\/\/ligue6.fr\/wp\/wp-json\/wp\/v2\/categories?post=2132"},{"taxonomy":"post_tag","embeddable":true,"href":"https:\/\/ligue6.fr\/wp\/wp-json\/wp\/v2\/tags?post=2132"}],"curies":[{"name":"wp","href":"https:\/\/api.w.org\/{rel}","templated":true}]}}