{"id":1969,"date":"2021-05-11T17:15:48","date_gmt":"2021-05-11T16:15:48","guid":{"rendered":"https:\/\/ligue6.fr\/wp\/?p=1969"},"modified":"2021-05-11T17:15:50","modified_gmt":"2021-05-11T16:15:50","slug":"maurice-zilio","status":"publish","type":"post","link":"https:\/\/ligue6.fr\/wp\/2021\/05\/11\/maurice-zilio\/","title":{"rendered":"Maurice Zilio"},"content":{"rendered":"\n<p>C&rsquo;est avec une profonde tristesse que nous vous faisons part de la disparition de Maurice Zilio, pr\u00e9sident du club de Saulnes.<\/p>\n\n\n\n<div class=\"wp-block-image is-style-rounded\"><figure class=\"aligncenter size-large\"><img loading=\"lazy\" decoding=\"async\" width=\"600\" height=\"852\" src=\"https:\/\/ligue6.fr\/wp\/wp-content\/uploads\/2021\/05\/Maurice-1.jpg\" alt=\"\" class=\"wp-image-1971\" srcset=\"https:\/\/ligue6.fr\/wp\/wp-content\/uploads\/2021\/05\/Maurice-1.jpg 600w, https:\/\/ligue6.fr\/wp\/wp-content\/uploads\/2021\/05\/Maurice-1-211x300.jpg 211w\" sizes=\"auto, (max-width: 600px) 100vw, 600px\" \/><\/figure><\/div>\n\n\n\n<p>Les membres du comit\u00e9 de la ligue Grand Est pr\u00e9sentent leurs sinc\u00e8res condol\u00e9ances \u00e0 la famille de Maurice.    <\/p>\n","protected":false},"excerpt":{"rendered":"<p>C&rsquo;est avec une profonde tristesse que nous vous faisons part de la disparition de Maurice Zilio, pr\u00e9sident du club de Saulnes. Les membres du comit\u00e9 de la ligue Grand Est pr\u00e9sentent leurs sinc\u00e8res condol\u00e9ances \u00e0 la famille de Maurice.<\/p>\n","protected":false},"author":1,"featured_media":1951,"comment_status":"closed","ping_status":"open","sticky":false,"template":"","format":"standard","meta":{"footnotes":""},"categories":[2],"tags":[],"class_list":["post-1969","post","type-post","status-publish","format-standard","has-post-thumbnail","hentry","category-news"],"_links":{"self":[{"href":"https:\/\/ligue6.fr\/wp\/wp-json\/wp\/v2\/posts\/1969","targetHints":{"allow":["GET"]}}],"collection":[{"href":"https:\/\/ligue6.fr\/wp\/wp-json\/wp\/v2\/posts"}],"about":[{"href":"https:\/\/ligue6.fr\/wp\/wp-json\/wp\/v2\/types\/post"}],"author":[{"embeddable":true,"href":"https:\/\/ligue6.fr\/wp\/wp-json\/wp\/v2\/users\/1"}],"replies":[{"embeddable":true,"href":"https:\/\/ligue6.fr\/wp\/wp-json\/wp\/v2\/comments?post=1969"}],"version-history":[{"count":1,"href":"https:\/\/ligue6.fr\/wp\/wp-json\/wp\/v2\/posts\/1969\/revisions"}],"predecessor-version":[{"id":1972,"href":"https:\/\/ligue6.fr\/wp\/wp-json\/wp\/v2\/posts\/1969\/revisions\/1972"}],"wp:featuredmedia":[{"embeddable":true,"href":"https:\/\/ligue6.fr\/wp\/wp-json\/wp\/v2\/media\/1951"}],"wp:attachment":[{"href":"https:\/\/ligue6.fr\/wp\/wp-json\/wp\/v2\/media?parent=1969"}],"wp:term":[{"taxonomy":"category","embeddable":true,"href":"https:\/\/ligue6.fr\/wp\/wp-json\/wp\/v2\/categories?post=1969"},{"taxonomy":"post_tag","embeddable":true,"href":"https:\/\/ligue6.fr\/wp\/wp-json\/wp\/v2\/tags?post=1969"}],"curies":[{"name":"wp","href":"https:\/\/api.w.org\/{rel}","templated":true}]}}